{"id":1453,"date":"2022-11-14T12:55:37","date_gmt":"2022-11-14T12:55:37","guid":{"rendered":"https:\/\/sielbra.com.br\/?p=1453"},"modified":"2023-06-29T01:17:49","modified_gmt":"2023-06-29T01:17:49","slug":"1a-exposicao-cultural-libano-brasileira","status":"publish","type":"post","link":"https:\/\/sielbra.com.br\/?p=1453","title":{"rendered":"1\u00aa Exposi\u00e7\u00e3o Cultural L\u00edbano-Brasileira"},"content":{"rendered":"\n<figure class=\"wp-block-pullquote is-style-default\"><blockquote class=\"has-text-color\" style=\"color:#0a9260\"><p>&#8220;Onde l\u00edngua, cultura, dan\u00e7a e culin\u00e1ria se encontram&#8230; uma viagem do L\u00edbano ao Brasil&#8221;<\/p><\/blockquote><\/figure>\n\n\n\n<hr class=\"wp-block-separator\"\/>\n\n\n\n<p><\/p>\n\n\n\n<p class=\"has-text-align-left has-white-color has-luminous-vivid-amber-background-color has-text-color has-background\"><strong><strong>ENTRADA GRATUITA. SE PRECISAR DE CERTIFICADO DE PARTICIPA\u00c7\u00c3O, INSCREV<\/strong>A-SE PELO SYMPLA NESTE LINK: <a rel=\"noreferrer noopener\" href=\"https:\/\/www.sympla.com.br\/produtor\/sielbra\" target=\"_blank\">https:\/\/www.sympla.com.br\/produtor\/sielbra<\/a><\/strong><\/p>\n\n\n\n<p class=\"has-text-align-left has-white-color has-luminous-vivid-amber-background-color has-text-color has-background\"><strong><strong>DIA 19, S\u00c1BADO, \u00c0S 10H &#8211; ALIMENTA\u00c7\u00c3O DO FUTURO: INSETOS COMEST\u00cdVEIS COM CAS\u00c9 OLIVEIRA<\/strong><\/strong><img loading=\"lazy\" decoding=\"async\" width=\"1\" height=\"1\" class=\"wp-image-1472\" style=\"width: 1px;\" src=\"https:\/\/sielbra.com.br\/wp-content\/uploads\/2022\/11\/Case-3.jpeg\" alt=\"\" srcset=\"https:\/\/sielbra.com.br\/wp-content\/uploads\/2022\/11\/Case-3.jpeg 864w, https:\/\/sielbra.com.br\/wp-content\/uploads\/2022\/11\/Case-3-300x295.jpeg 300w, https:\/\/sielbra.com.br\/wp-content\/uploads\/2022\/11\/Case-3-100x100.jpeg 100w, https:\/\/sielbra.com.br\/wp-content\/uploads\/2022\/11\/Case-3-600x591.jpeg 600w, https:\/\/sielbra.com.br\/wp-content\/uploads\/2022\/11\/Case-3-150x150.jpeg 150w, https:\/\/sielbra.com.br\/wp-content\/uploads\/2022\/11\/Case-3-768x756.jpeg 768w\" sizes=\"auto, (max-width: 1px) 100vw, 1px\" \/><\/p>\n\n\n\n<p class=\"has-drop-cap\">Bio gastr\u00f3logo, com p\u00f3s-gradua\u00e7\u00e3o pela PUC-RS em gastronomia e cozinha autoral, fundador e atual presidente da Associa\u00e7\u00e3o Brasileira dos Criadores de Insetos Aliment\u00edcios (ASBRACIA), especialista em antropoentomofagia e entomofagia (insetos na alimenta\u00e7\u00e3o humana e animal, professor no curso de gastronomia sustent\u00e1vel do Instituto Federal de S\u00e3o Paulo, do portal de cursos EAD total na disciplina de cria\u00e7\u00e3o e mercado de insetos aliment\u00edcios.<\/p>\n\n\n\n<figure class=\"wp-block-embed aligncenter is-type-video is-provider-youtube wp-block-embed-youtube wp-embed-aspect-16-9 wp-has-aspect-ratio\"><div class=\"wp-block-embed__wrapper\">\n<iframe loading=\"lazy\" title=\"Cas\u00e9 e alimenta\u00e7\u00e3o do futuro com insetos comest\u00edveis\" width=\"1170\" height=\"658\" src=\"https:\/\/www.youtube.com\/embed\/6c4CmVt0-CA?feature=oembed\" frameborder=\"0\" allow=\"accelerometer; autoplay; clipboard-write; encrypted-media; gyroscope; picture-in-picture\" allowfullscreen><\/iframe>\n<\/div><\/figure>\n\n\n\n<figure class=\"wp-block-gallery columns-4 is-cropped wp-block-gallery-1 is-layout-flex wp-block-gallery-is-layout-flex\"><ul class=\"blocks-gallery-grid\"><li class=\"blocks-gallery-item\"><figure><img loading=\"lazy\" decoding=\"async\" width=\"200\" height=\"300\" src=\"https:\/\/sielbra.com.br\/wp-content\/uploads\/2022\/11\/Case-6-200x300.jpeg\" alt=\"\" data-id=\"1509\" data-full-url=\"https:\/\/sielbra.com.br\/wp-content\/uploads\/2022\/11\/Case-6.jpeg\" data-link=\"https:\/\/sielbra.com.br\/?attachment_id=1509\" class=\"wp-image-1509\" srcset=\"https:\/\/sielbra.com.br\/wp-content\/uploads\/2022\/11\/Case-6-200x300.jpeg 200w, https:\/\/sielbra.com.br\/wp-content\/uploads\/2022\/11\/Case-6-600x901.jpeg 600w, https:\/\/sielbra.com.br\/wp-content\/uploads\/2022\/11\/Case-6-682x1024.jpeg 682w, https:\/\/sielbra.com.br\/wp-content\/uploads\/2022\/11\/Case-6.jpeg 762w\" sizes=\"auto, (max-width: 200px) 100vw, 200px\" \/><figcaption class=\"blocks-gallery-item__caption\">Vai um petisco a\u00ed?<\/figcaption><\/figure><\/li><li class=\"blocks-gallery-item\"><figure><img loading=\"lazy\" decoding=\"async\" width=\"300\" height=\"225\" src=\"https:\/\/sielbra.com.br\/wp-content\/uploads\/2022\/11\/Case-2-300x225.jpeg\" alt=\"\" data-id=\"1508\" data-full-url=\"https:\/\/sielbra.com.br\/wp-content\/uploads\/2022\/11\/Case-2.jpeg\" data-link=\"https:\/\/sielbra.com.br\/?attachment_id=1508\" class=\"wp-image-1508\" srcset=\"https:\/\/sielbra.com.br\/wp-content\/uploads\/2022\/11\/Case-2-300x225.jpeg 300w, https:\/\/sielbra.com.br\/wp-content\/uploads\/2022\/11\/Case-2-600x450.jpeg 600w, https:\/\/sielbra.com.br\/wp-content\/uploads\/2022\/11\/Case-2-768x576.jpeg 768w, https:\/\/sielbra.com.br\/wp-content\/uploads\/2022\/11\/Case-2.jpeg 960w\" sizes=\"auto, (max-width: 300px) 100vw, 300px\" \/><figcaption class=\"blocks-gallery-item__caption\">Prof. Cas\u00e9 Oliveira<\/figcaption><\/figure><\/li><li class=\"blocks-gallery-item\"><figure><img loading=\"lazy\" decoding=\"async\" width=\"225\" height=\"300\" src=\"https:\/\/sielbra.com.br\/wp-content\/uploads\/2022\/11\/Case-4-225x300.jpeg\" alt=\"\" data-id=\"1473\" data-full-url=\"https:\/\/sielbra.com.br\/wp-content\/uploads\/2022\/11\/Case-4.jpeg\" data-link=\"https:\/\/sielbra.com.br\/?attachment_id=1473\" class=\"wp-image-1473\" srcset=\"https:\/\/sielbra.com.br\/wp-content\/uploads\/2022\/11\/Case-4-225x300.jpeg 225w, https:\/\/sielbra.com.br\/wp-content\/uploads\/2022\/11\/Case-4-600x800.jpeg 600w, https:\/\/sielbra.com.br\/wp-content\/uploads\/2022\/11\/Case-4-768x1024.jpeg 768w, https:\/\/sielbra.com.br\/wp-content\/uploads\/2022\/11\/Case-4.jpeg 960w\" sizes=\"auto, (max-width: 225px) 100vw, 225px\" \/><figcaption class=\"blocks-gallery-item__caption\">Petisco com ten\u00e9brio<\/figcaption><\/figure><\/li><li class=\"blocks-gallery-item\"><figure><img loading=\"lazy\" decoding=\"async\" width=\"225\" height=\"300\" src=\"https:\/\/sielbra.com.br\/wp-content\/uploads\/2022\/11\/Case-5-225x300.jpeg\" alt=\"\" data-id=\"1474\" data-full-url=\"https:\/\/sielbra.com.br\/wp-content\/uploads\/2022\/11\/Case-5.jpeg\" data-link=\"https:\/\/sielbra.com.br\/?attachment_id=1474\" class=\"wp-image-1474\" srcset=\"https:\/\/sielbra.com.br\/wp-content\/uploads\/2022\/11\/Case-5-225x300.jpeg 225w, https:\/\/sielbra.com.br\/wp-content\/uploads\/2022\/11\/Case-5-600x800.jpeg 600w, https:\/\/sielbra.com.br\/wp-content\/uploads\/2022\/11\/Case-5-768x1024.jpeg 768w, https:\/\/sielbra.com.br\/wp-content\/uploads\/2022\/11\/Case-5.jpeg 960w\" sizes=\"auto, (max-width: 225px) 100vw, 225px\" \/><figcaption class=\"blocks-gallery-item__caption\">Pratos criativos<\/figcaption><\/figure><\/li><\/ul><\/figure>\n\n\n\n<p class=\"has-text-align-left has-white-color has-luminous-vivid-amber-background-color has-text-color has-background\"><strong><strong>DIA 19, S\u00c1BADO, \u00c0S 11H &#8211; COMO PUBLICAR UM LIVRO COM  SOLANGE S\u00d3LON BORGES<\/strong><\/strong><img loading=\"lazy\" decoding=\"async\" width=\"1\" height=\"1\" class=\"wp-image-1472\" style=\"width: 1px;\" src=\"https:\/\/sielbra.com.br\/wp-content\/uploads\/2022\/11\/Case-3.jpeg\" alt=\"\" srcset=\"https:\/\/sielbra.com.br\/wp-content\/uploads\/2022\/11\/Case-3.jpeg 864w, https:\/\/sielbra.com.br\/wp-content\/uploads\/2022\/11\/Case-3-300x295.jpeg 300w, https:\/\/sielbra.com.br\/wp-content\/uploads\/2022\/11\/Case-3-100x100.jpeg 100w, https:\/\/sielbra.com.br\/wp-content\/uploads\/2022\/11\/Case-3-600x591.jpeg 600w, https:\/\/sielbra.com.br\/wp-content\/uploads\/2022\/11\/Case-3-150x150.jpeg 150w, https:\/\/sielbra.com.br\/wp-content\/uploads\/2022\/11\/Case-3-768x756.jpeg 768w\" sizes=\"auto, (max-width: 1px) 100vw, 1px\" \/><\/p>\n\n\n\n<div class=\"wp-block-columns is-layout-flex wp-container-core-columns-is-layout-9d6595d7 wp-block-columns-is-layout-flex\">\n<div class=\"wp-block-column is-vertically-aligned-center is-layout-flow wp-block-column-is-layout-flow\" style=\"flex-basis:100%\">\n<div class=\"wp-block-media-text alignwide is-stacked-on-mobile\" style=\"grid-template-columns:18% auto\"><figure class=\"wp-block-media-text__media\"><img loading=\"lazy\" decoding=\"async\" width=\"640\" height=\"1024\" src=\"https:\/\/sielbra.com.br\/wp-content\/uploads\/2022\/11\/Perfil-de-rosa-edited-640x1024.jpg\" alt=\"\" class=\"wp-image-1480 size-large\" srcset=\"https:\/\/sielbra.com.br\/wp-content\/uploads\/2022\/11\/Perfil-de-rosa-edited-640x1024.jpg 640w, https:\/\/sielbra.com.br\/wp-content\/uploads\/2022\/11\/Perfil-de-rosa-edited-600x960.jpg 600w, https:\/\/sielbra.com.br\/wp-content\/uploads\/2022\/11\/Perfil-de-rosa-edited-188x300.jpg 188w, https:\/\/sielbra.com.br\/wp-content\/uploads\/2022\/11\/Perfil-de-rosa-edited.jpg 720w\" sizes=\"auto, (max-width: 640px) 100vw, 640px\" \/><\/figure><div class=\"wp-block-media-text__content\">\n<p class=\"has-drop-cap\">Mestre em Estudos Culturais (USP Leste\/EACH), pesquisadora da imigra\u00e7\u00e3o espanhola e repress\u00e3o na ditadura Vargas, especialista em M\u00eddia, Informa\u00e7\u00e3o e Cultura (Celacc\/Eca USP), Comunica\u00e7\u00e3o e Marketing, jornalista, escritora e publisher da editora independente O Art\u00edfice e <a href=\"https:\/\/www.youtube.com\/channel\/UCJY9A_NkfSl6YDapo-akcMg\" data-type=\"URL\" data-id=\"https:\/\/www.youtube.com\/channel\/UCJY9A_NkfSl6YDapo-akcMg\">youtuber.<\/a><\/p>\n\n\n\n<p><\/p>\n<\/div><\/div>\n\n\n\n<p><\/p>\n<\/div>\n<\/div>\n\n\n\n<p class=\"has-text-align-left has-white-color has-luminous-vivid-amber-background-color has-text-color has-background\"><strong>DIA 19, S\u00c1BADO, \u00c0S 12H &#8211; A CAUSA PALESTINA NA M\u00cdDIA BRASILEIRA COM AHMAD EL ZOOBI<img loading=\"lazy\" decoding=\"async\" width=\"1\" height=\"1\" class=\"wp-image-1472\" style=\"width: 1px;\" src=\"https:\/\/sielbra.com.br\/wp-content\/uploads\/2022\/11\/Case-3.jpeg\" alt=\"\" srcset=\"https:\/\/sielbra.com.br\/wp-content\/uploads\/2022\/11\/Case-3.jpeg 864w, https:\/\/sielbra.com.br\/wp-content\/uploads\/2022\/11\/Case-3-300x295.jpeg 300w, https:\/\/sielbra.com.br\/wp-content\/uploads\/2022\/11\/Case-3-100x100.jpeg 100w, https:\/\/sielbra.com.br\/wp-content\/uploads\/2022\/11\/Case-3-600x591.jpeg 600w, https:\/\/sielbra.com.br\/wp-content\/uploads\/2022\/11\/Case-3-150x150.jpeg 150w, https:\/\/sielbra.com.br\/wp-content\/uploads\/2022\/11\/Case-3-768x756.jpeg 768w\" sizes=\"auto, (max-width: 1px) 100vw, 1px\" \/><\/strong><\/p>\n\n\n\n<div class=\"wp-block-media-text alignwide has-media-on-the-right is-stacked-on-mobile is-vertically-aligned-center\" style=\"grid-template-columns:auto 15%\"><figure class=\"wp-block-media-text__media\"><img loading=\"lazy\" decoding=\"async\" width=\"727\" height=\"1024\" src=\"https:\/\/sielbra.com.br\/wp-content\/uploads\/2022\/11\/Alzoobi-727x1024.jpeg\" alt=\"\" class=\"wp-image-1610 size-full\" srcset=\"https:\/\/sielbra.com.br\/wp-content\/uploads\/2022\/11\/Alzoobi-727x1024.jpeg 727w, https:\/\/sielbra.com.br\/wp-content\/uploads\/2022\/11\/Alzoobi-600x845.jpeg 600w, https:\/\/sielbra.com.br\/wp-content\/uploads\/2022\/11\/Alzoobi-213x300.jpeg 213w, https:\/\/sielbra.com.br\/wp-content\/uploads\/2022\/11\/Alzoobi-768x1082.jpeg 768w, https:\/\/sielbra.com.br\/wp-content\/uploads\/2022\/11\/Alzoobi.jpeg 828w\" sizes=\"auto, (max-width: 727px) 100vw, 727px\" \/><\/figure><div class=\"wp-block-media-text__content\">\n<p class=\"has-drop-cap\"> Diretor do Monitor do Oriente-Brasil (MEMO); Doutorando em Comunica\u00e7\u00e3o na Universidade Metodista <\/p>\n<\/div><\/div>\n\n\n\n<p class=\"has-text-align-left has-white-color has-luminous-vivid-amber-background-color has-text-color has-background\"><strong>DIA 19, S\u00c1BADO, \u00c0S 14H &#8211;  ECOS DA DIVERSIDADE COM SUSTENTABILIDADE: VALORES<br>PARA A EMPRESA COM ROSE CAMPOS<\/strong><\/p>\n\n\n\n<div class=\"wp-block-media-text alignwide is-stacked-on-mobile\" style=\"grid-template-columns:20% auto\"><figure class=\"wp-block-media-text__media\"><img loading=\"lazy\" decoding=\"async\" width=\"720\" height=\"960\" src=\"https:\/\/sielbra.com.br\/wp-content\/uploads\/2022\/11\/Rose-Campos.jpeg\" alt=\"\" class=\"wp-image-1488 size-full\" srcset=\"https:\/\/sielbra.com.br\/wp-content\/uploads\/2022\/11\/Rose-Campos.jpeg 720w, https:\/\/sielbra.com.br\/wp-content\/uploads\/2022\/11\/Rose-Campos-600x800.jpeg 600w, https:\/\/sielbra.com.br\/wp-content\/uploads\/2022\/11\/Rose-Campos-225x300.jpeg 225w\" sizes=\"auto, (max-width: 720px) 100vw, 720px\" \/><\/figure><div class=\"wp-block-media-text__content\">\n<p class=\"has-drop-cap\"> Jornalista, especialista em Programa\u00e7\u00e3o Neurolingu\u00edstica (Un. Mogi das Cruzes) e apresentadora do <strong><a href=\"https:\/\/radiomegabrasilonline.com.br\/site\/programa\/programa-ecos-do-meio\/\" target=\"_blank\" rel=\"noreferrer noopener\">Programa Ecos do Meio na R\u00e1dio\/TV Mega Brasil Online<\/a><\/strong>. Foi diretora de Meio Ambiente e Sustentabilidade da Associa\u00e7\u00e3o Paulista de Imprensa (API) e desenvolve trabalhos de assessoria de comunica\u00e7\u00e3o e sustentabilidade para o mercado corporativo.  <\/p>\n<\/div><\/div>\n\n\n\n<p class=\"has-text-align-left has-white-color has-luminous-vivid-amber-background-color has-text-color has-background\"><strong>DIA 19, S\u00c1BADO, \u00c0S 15H &#8211; POTENCIAL DO MERCADO HALAL COM OMAR CHAHINE<img loading=\"lazy\" decoding=\"async\" width=\"1\" height=\"1\" class=\"wp-image-1472\" style=\"width: 1px;\" src=\"https:\/\/sielbra.com.br\/wp-content\/uploads\/2022\/11\/Case-3.jpeg\" alt=\"\" srcset=\"https:\/\/sielbra.com.br\/wp-content\/uploads\/2022\/11\/Case-3.jpeg 864w, https:\/\/sielbra.com.br\/wp-content\/uploads\/2022\/11\/Case-3-300x295.jpeg 300w, https:\/\/sielbra.com.br\/wp-content\/uploads\/2022\/11\/Case-3-100x100.jpeg 100w, https:\/\/sielbra.com.br\/wp-content\/uploads\/2022\/11\/Case-3-600x591.jpeg 600w, https:\/\/sielbra.com.br\/wp-content\/uploads\/2022\/11\/Case-3-150x150.jpeg 150w, https:\/\/sielbra.com.br\/wp-content\/uploads\/2022\/11\/Case-3-768x756.jpeg 768w\" sizes=\"auto, (max-width: 1px) 100vw, 1px\" \/><\/strong><\/p>\n\n\n\n<div class=\"wp-block-media-text alignwide has-media-on-the-right is-stacked-on-mobile\" style=\"grid-template-columns:auto 24%\"><figure class=\"wp-block-media-text__media\"><img loading=\"lazy\" decoding=\"async\" width=\"828\" height=\"813\" src=\"https:\/\/sielbra.com.br\/wp-content\/uploads\/2022\/11\/Chahine.jpeg\" alt=\"\" class=\"wp-image-1615 size-full\" srcset=\"https:\/\/sielbra.com.br\/wp-content\/uploads\/2022\/11\/Chahine.jpeg 828w, https:\/\/sielbra.com.br\/wp-content\/uploads\/2022\/11\/Chahine-600x589.jpeg 600w, https:\/\/sielbra.com.br\/wp-content\/uploads\/2022\/11\/Chahine-300x295.jpeg 300w, https:\/\/sielbra.com.br\/wp-content\/uploads\/2022\/11\/Chahine-768x754.jpeg 768w\" sizes=\"auto, (max-width: 828px) 100vw, 828px\" \/><\/figure><div class=\"wp-block-media-text__content\">\n<p class=\"has-drop-cap\">Bacharel em Biomedicina (LIU-L\u00edbano); Halal Executive, fundador da Consultoria Halal do Brasil<\/p>\n<\/div><\/div>\n\n\n\n<p class=\"has-text-align-left has-white-color has-luminous-vivid-amber-background-color has-text-color has-background\"><strong>DIA 19, S\u00c1BADO, \u00c0S 16H &#8211; N\u00cdVEIS DE CONSCI\u00caNCIA NA ESPIRITUALIDADE ISL\u00c2MICA COM SHEIK RAGIP BARROS AL-JERRAHI<img loading=\"lazy\" decoding=\"async\" width=\"1\" height=\"1\" class=\"wp-image-1472\" style=\"width: 1px;\" src=\"https:\/\/sielbra.com.br\/wp-content\/uploads\/2022\/11\/Case-3.jpeg\" alt=\"\" srcset=\"https:\/\/sielbra.com.br\/wp-content\/uploads\/2022\/11\/Case-3.jpeg 864w, https:\/\/sielbra.com.br\/wp-content\/uploads\/2022\/11\/Case-3-300x295.jpeg 300w, https:\/\/sielbra.com.br\/wp-content\/uploads\/2022\/11\/Case-3-100x100.jpeg 100w, https:\/\/sielbra.com.br\/wp-content\/uploads\/2022\/11\/Case-3-600x591.jpeg 600w, https:\/\/sielbra.com.br\/wp-content\/uploads\/2022\/11\/Case-3-150x150.jpeg 150w, https:\/\/sielbra.com.br\/wp-content\/uploads\/2022\/11\/Case-3-768x756.jpeg 768w\" sizes=\"auto, (max-width: 1px) 100vw, 1px\" \/><\/strong><\/p>\n\n\n\n<p><\/p>\n\n\n\n<div class=\"wp-block-media-text alignwide is-stacked-on-mobile\" style=\"grid-template-columns:16% auto\"><figure class=\"wp-block-media-text__media\"><img loading=\"lazy\" decoding=\"async\" width=\"300\" height=\"300\" src=\"https:\/\/sielbra.com.br\/wp-content\/uploads\/2022\/11\/Sheik-Ragip-300x300.jpeg\" alt=\"\" class=\"wp-image-1490 size-medium\" srcset=\"https:\/\/sielbra.com.br\/wp-content\/uploads\/2022\/11\/Sheik-Ragip-300x300.jpeg 300w, https:\/\/sielbra.com.br\/wp-content\/uploads\/2022\/11\/Sheik-Ragip-100x100.jpeg 100w, https:\/\/sielbra.com.br\/wp-content\/uploads\/2022\/11\/Sheik-Ragip-150x150.jpeg 150w, https:\/\/sielbra.com.br\/wp-content\/uploads\/2022\/11\/Sheik-Ragip.jpeg 407w\" sizes=\"auto, (max-width: 300px) 100vw, 300px\" \/><\/figure><div class=\"wp-block-media-text__content\">\n<p class=\"has-drop-cap\">Dirigente da Ordem Sufi Halveti Jerrahi no Brasil, engenheiro el\u00e9trico, com especialidade em Eletr\u00f4nica, Psicologia Cl\u00ednica, Medicina Tradicional Chinesa, Teologia Isl\u00e2mica para Divulgadores. P\u00f3s-graduado em Administra\u00e7\u00e3o de Empresas<br>e Eletroacupuntura. <\/p>\n<\/div><\/div>\n\n\n\n<p class=\"has-text-align-left has-white-color has-luminous-vivid-amber-background-color has-text-color has-background\"><strong><strong><strong>DIA 19, S\u00c1BADO, \u00c0S 17H &#8211; INCLUS\u00c3O DA PESSOA COM DEFICI\u00caNCIA F\u00cdSICA NO MERCADO<\/strong><\/strong><img loading=\"lazy\" decoding=\"async\" width=\"1\" height=\"1\" class=\"wp-image-1472\" style=\"width: 1px;\" src=\"https:\/\/sielbra.com.br\/wp-content\/uploads\/2022\/11\/Case-3.jpeg\" alt=\"\" srcset=\"https:\/\/sielbra.com.br\/wp-content\/uploads\/2022\/11\/Case-3.jpeg 864w, https:\/\/sielbra.com.br\/wp-content\/uploads\/2022\/11\/Case-3-300x295.jpeg 300w, https:\/\/sielbra.com.br\/wp-content\/uploads\/2022\/11\/Case-3-100x100.jpeg 100w, https:\/\/sielbra.com.br\/wp-content\/uploads\/2022\/11\/Case-3-600x591.jpeg 600w, https:\/\/sielbra.com.br\/wp-content\/uploads\/2022\/11\/Case-3-150x150.jpeg 150w, https:\/\/sielbra.com.br\/wp-content\/uploads\/2022\/11\/Case-3-768x756.jpeg 768w\" sizes=\"auto, (max-width: 1px) 100vw, 1px\" \/><\/strong><\/p>\n\n\n\n<div class=\"wp-block-media-text alignwide has-media-on-the-right is-stacked-on-mobile\" style=\"grid-template-columns:auto 16%\"><figure class=\"wp-block-media-text__media\"><img loading=\"lazy\" decoding=\"async\" width=\"432\" height=\"589\" src=\"https:\/\/sielbra.com.br\/wp-content\/uploads\/2022\/11\/Eliana-Conquista-recortada.jpg\" alt=\"\" class=\"wp-image-1636 size-medium\" srcset=\"https:\/\/sielbra.com.br\/wp-content\/uploads\/2022\/11\/Eliana-Conquista-recortada.jpg 432w, https:\/\/sielbra.com.br\/wp-content\/uploads\/2022\/11\/Eliana-Conquista-recortada-220x300.jpg 220w\" sizes=\"auto, (max-width: 432px) 100vw, 432px\" \/><\/figure><div class=\"wp-block-media-text__content\">\n<p class=\"has-drop-cap\">Psic\u00f3loga cl\u00ednica, especialista no teste de Rorschach e Grafologia, graduada tamb\u00e9m em Letras. \u00c9 autora do livro autobiogr\u00e1fico <em>Escolhi Ser Feliz, <\/em>palestrante e integra diversos trabalhos sociais e de inclus\u00e3o, como o projeto M\u00e3es de Filhos com Defici\u00eancia.<\/p>\n<\/div><\/div>\n\n\n\n<p class=\"has-text-align-left has-white-color has-luminous-vivid-amber-background-color has-text-color has-background\"><strong><strong>DIA 19, S\u00c1BADO, \u00c0S 18H &#8211; EDUCA\u00c7\u00c3O EMOCIONAL COM MARIANA ARANTES<\/strong><\/strong><img loading=\"lazy\" decoding=\"async\" width=\"1\" height=\"1\" class=\"wp-image-1472\" style=\"width: 1px;\" src=\"https:\/\/sielbra.com.br\/wp-content\/uploads\/2022\/11\/Case-3.jpeg\" alt=\"\" srcset=\"https:\/\/sielbra.com.br\/wp-content\/uploads\/2022\/11\/Case-3.jpeg 864w, https:\/\/sielbra.com.br\/wp-content\/uploads\/2022\/11\/Case-3-300x295.jpeg 300w, https:\/\/sielbra.com.br\/wp-content\/uploads\/2022\/11\/Case-3-100x100.jpeg 100w, https:\/\/sielbra.com.br\/wp-content\/uploads\/2022\/11\/Case-3-600x591.jpeg 600w, https:\/\/sielbra.com.br\/wp-content\/uploads\/2022\/11\/Case-3-150x150.jpeg 150w, https:\/\/sielbra.com.br\/wp-content\/uploads\/2022\/11\/Case-3-768x756.jpeg 768w\" sizes=\"auto, (max-width: 1px) 100vw, 1px\" \/><\/p>\n\n\n\n<div class=\"wp-block-columns is-layout-flex wp-container-core-columns-is-layout-9d6595d7 wp-block-columns-is-layout-flex\">\n<div class=\"wp-block-column is-layout-flow wp-block-column-is-layout-flow\">\n<div class=\"wp-block-columns is-layout-flex wp-container-core-columns-is-layout-9d6595d7 wp-block-columns-is-layout-flex\">\n<div class=\"wp-block-column is-layout-flow wp-block-column-is-layout-flow\">\n<div class=\"wp-block-media-text alignwide is-stacked-on-mobile\" style=\"grid-template-columns:24% auto\"><figure class=\"wp-block-media-text__media\"><img loading=\"lazy\" decoding=\"async\" width=\"1024\" height=\"969\" src=\"https:\/\/sielbra.com.br\/wp-content\/uploads\/2022\/11\/Mariana-Arantes.jpeg\" alt=\"\" class=\"wp-image-1549 size-full\" srcset=\"https:\/\/sielbra.com.br\/wp-content\/uploads\/2022\/11\/Mariana-Arantes.jpeg 1024w, https:\/\/sielbra.com.br\/wp-content\/uploads\/2022\/11\/Mariana-Arantes-600x568.jpeg 600w, https:\/\/sielbra.com.br\/wp-content\/uploads\/2022\/11\/Mariana-Arantes-300x284.jpeg 300w, https:\/\/sielbra.com.br\/wp-content\/uploads\/2022\/11\/Mariana-Arantes-768x727.jpeg 768w\" sizes=\"auto, (max-width: 1024px) 100vw, 1024px\" \/><\/figure><div class=\"wp-block-media-text__content\">\n<p class=\"has-drop-cap\">Doutora e Mestra, diretora do <a href=\"https:\/\/www.educacaoemocional.com.br\/\">Portal Educa\u00e7\u00e3o Emocional<\/a>, autora do processo Educa\u00e7\u00e3o Emocional Integral que desenvolve habilidades socioemocionais nas escolas e para o mercado de trabalho. Pesquisadora na Universidade Federal de Pernambuco (UFPE), jornalista especialista em gest\u00e3o de Empresas. Atua com temas como Intelig\u00eancia Emocional, Forma\u00e7\u00e3o Docente, Integralidade e Comunica\u00e7\u00e3o Assertiva. <\/p>\n<\/div><\/div>\n<\/div>\n<\/div>\n<\/div>\n<\/div>\n\n\n\n<p class=\"has-drop-cap\"><\/p>\n\n\n\n<hr class=\"wp-block-separator is-style-default\"\/>\n\n\n\n<div class=\"wp-block-image is-style-rounded\"><figure class=\"aligncenter size-full is-resized\"><img decoding=\"async\" src=\"https:\/\/sielbra.com.br\/wp-content\/uploads\/2022\/11\/Libano.jpg\" alt=\"\" class=\"wp-image-1596\" width=\"-92\" height=\"-61\" srcset=\"https:\/\/sielbra.com.br\/wp-content\/uploads\/2022\/11\/Libano.jpg 413w, https:\/\/sielbra.com.br\/wp-content\/uploads\/2022\/11\/Libano-300x200.jpg 300w\" sizes=\"(max-width: 413px) 100vw, 413px\" \/><figcaption>O L\u00edbano \u00e9 uma das regi\u00f5es de antigas civiliza\u00e7\u00f5es. Sua rica hist\u00f3ria formou a identidade cultural \u00fanica em diversidade \u00e9tnica e religiosa. Os primeiro ind\u00edcios de civiliza\u00e7\u00e3o no pa\u00eds remontam h\u00e1 mais 7 mil anos.<\/figcaption><\/figure><\/div>\n\n\n\n<p><\/p>\n\n\n\n<p class=\"has-text-align-left has-white-color has-luminous-vivid-amber-background-color has-text-color has-background\"><strong><strong>ACOMPANHE A PROGRAMA\u00c7\u00c3O DO DOMINGO, 20 DE NOVEMBRO<\/strong><\/strong><\/p>\n\n\n\n<p><\/p>\n\n\n\n<p class=\"has-text-align-left has-white-color has-luminous-vivid-amber-background-color has-text-color has-background\"><strong>DIA 20, DOMINGO, \u00c0S 10H &#8211; ALIMENTA\u00c7\u00c3O SAUD\u00c1VEL: VEGETARIANISMO, VEGANISMO E CRUDIVORISMO COM DAVISON BORGES<\/strong><\/p>\n\n\n\n<div class=\"wp-block-media-text is-stacked-on-mobile\" style=\"grid-template-columns:27% auto\"><figure class=\"wp-block-media-text__media\"><img loading=\"lazy\" decoding=\"async\" width=\"905\" height=\"800\" src=\"https:\/\/sielbra.com.br\/wp-content\/uploads\/2022\/11\/Davison-Borges.jpeg\" alt=\"\" class=\"wp-image-1557 size-full\" srcset=\"https:\/\/sielbra.com.br\/wp-content\/uploads\/2022\/11\/Davison-Borges.jpeg 905w, https:\/\/sielbra.com.br\/wp-content\/uploads\/2022\/11\/Davison-Borges-600x530.jpeg 600w, https:\/\/sielbra.com.br\/wp-content\/uploads\/2022\/11\/Davison-Borges-300x265.jpeg 300w, https:\/\/sielbra.com.br\/wp-content\/uploads\/2022\/11\/Davison-Borges-768x679.jpeg 768w\" sizes=\"auto, (max-width: 905px) 100vw, 905px\" \/><\/figure><div class=\"wp-block-media-text__content\">\n<p class=\"has-drop-cap\">Pesquisador sobre nutri\u00e7\u00e3o e engenheiro eletr\u00f4nico (FEI-SP), p\u00f3s-graduado em telecomunica\u00e7\u00f5es (FEI-SP), em Administra\u00e7\u00e3o e Marketing (FECAP). Formado em acupuntura pelo Centro de Estudos e Acupuntura e Terapias Alternativas, especialista em radiestesia e radi\u00f4nica palestrante sobre temas para o aprimoramento e desenvolvimento humano.<\/p>\n<\/div><\/div>\n\n\n\n<p class=\"has-text-align-left has-white-color has-luminous-vivid-amber-background-color has-text-color has-background\"><strong>DIA 20, DOMINGO, \u00c0S 11H &#8211;  CONCILIA\u00c7\u00c3O, MEDIA\u00c7\u00c3O E CULTURA DE PAZ COM V\u00c2NIA MARA<\/strong><\/p>\n\n\n\n<p><br><\/p>\n\n\n\n<div class=\"wp-block-media-text alignwide has-media-on-the-right is-stacked-on-mobile\" style=\"grid-template-columns:auto 15%\"><figure class=\"wp-block-media-text__media\"><img loading=\"lazy\" decoding=\"async\" width=\"107\" height=\"146\" src=\"https:\/\/sielbra.com.br\/wp-content\/uploads\/2018\/02\/V\u00e2nia.jpg\" alt=\"\" class=\"wp-image-149 size-full\"\/><\/figure><div class=\"wp-block-media-text__content\">\n<p class=\"has-drop-cap\"> Bacharel em Direito, com especializa\u00e7\u00e3o em Processo<br>Civil, Direito Comercial e Direito Empresarial, e em Arbitragem (FGV), Concilia\u00e7\u00e3o e Media\u00e7\u00e3o (IASP). Tamb\u00e9m com forma\u00e7\u00e3o em<br>Neurolingu\u00edstica e PNL.<\/p>\n<\/div><\/div>\n\n\n\n<p class=\"has-text-align-left has-white-color has-luminous-vivid-amber-background-color has-text-color has-background\"><strong>DIA 20, DOMINGO, \u00c0S 12H &#8211;  A L\u00cdNGUA \u00c1RABE COM NAJAH HUSSEIN<\/strong><\/p>\n\n\n\n<div class=\"wp-block-media-text alignwide is-stacked-on-mobile\" style=\"grid-template-columns:18% auto\"><figure class=\"wp-block-media-text__media\"><img loading=\"lazy\" decoding=\"async\" width=\"1200\" height=\"1600\" src=\"https:\/\/sielbra.com.br\/wp-content\/uploads\/2022\/11\/Profa.-Najah.jpeg\" alt=\"\" class=\"wp-image-1621 size-full\" srcset=\"https:\/\/sielbra.com.br\/wp-content\/uploads\/2022\/11\/Profa.-Najah.jpeg 1200w, https:\/\/sielbra.com.br\/wp-content\/uploads\/2022\/11\/Profa.-Najah-600x800.jpeg 600w, https:\/\/sielbra.com.br\/wp-content\/uploads\/2022\/11\/Profa.-Najah-225x300.jpeg 225w, https:\/\/sielbra.com.br\/wp-content\/uploads\/2022\/11\/Profa.-Najah-768x1024.jpeg 768w, https:\/\/sielbra.com.br\/wp-content\/uploads\/2022\/11\/Profa.-Najah-1152x1536.jpeg 1152w\" sizes=\"auto, (max-width: 1200px) 100vw, 1200px\" \/><\/figure><div class=\"wp-block-media-text__content\">\n<p class=\"has-drop-cap\">Professora de l\u00edngua \u00e1rabe, formada em Administra\u00e7\u00e3o de empresas (Al-Mustansiriyah University &#8211; Bagd\u00e1)<\/p>\n<\/div><\/div>\n\n\n\n<p class=\"has-text-align-left has-white-color has-luminous-vivid-amber-background-color has-text-color has-background\"><strong>DIA 20, DOMINGO, \u00c0S 13H &#8211;  REDA\u00c7\u00c3O EFICIENTE COM SOLANGE S\u00d3LON BORGES<\/strong><br><\/p>\n\n\n\n<div class=\"wp-block-media-text alignwide has-media-on-the-right is-stacked-on-mobile\" style=\"grid-template-columns:auto 15%\"><figure class=\"wp-block-media-text__media\"><img loading=\"lazy\" decoding=\"async\" width=\"188\" height=\"300\" src=\"https:\/\/sielbra.com.br\/wp-content\/uploads\/2022\/11\/Perfil-de-rosa-edited-188x300.jpg\" alt=\"\" class=\"wp-image-1480 size-medium\" srcset=\"https:\/\/sielbra.com.br\/wp-content\/uploads\/2022\/11\/Perfil-de-rosa-edited-188x300.jpg 188w, https:\/\/sielbra.com.br\/wp-content\/uploads\/2022\/11\/Perfil-de-rosa-edited-600x960.jpg 600w, https:\/\/sielbra.com.br\/wp-content\/uploads\/2022\/11\/Perfil-de-rosa-edited-640x1024.jpg 640w, https:\/\/sielbra.com.br\/wp-content\/uploads\/2022\/11\/Perfil-de-rosa-edited.jpg 720w\" sizes=\"auto, (max-width: 188px) 100vw, 188px\" \/><\/figure><div class=\"wp-block-media-text__content\">\n<p class=\"has-drop-cap\">Mestre em Estudos Culturais (USP Leste\/EACH), pesquisadora da imigra\u00e7\u00e3o espanhola e repress\u00e3o na ditadura Vargas, especialista em M\u00eddia, Informa\u00e7\u00e3o e Cultura (Celacc\/Eca USP), Comunica\u00e7\u00e3o e Marketing, jornalista, escritora e publisher da editora independente O Art\u00edfice e <a href=\"https:\/\/www.youtube.com\/channel\/UCJY9A_NkfSl6YDapo-akcMg\" data-type=\"URL\" data-id=\"https:\/\/www.youtube.com\/channel\/UCJY9A_NkfSl6YDapo-akcMg\">youtuber.<\/a><\/p>\n\n\n\n<p><\/p>\n<\/div><\/div>\n\n\n\n<p class=\"has-text-align-left has-white-color has-luminous-vivid-amber-background-color has-text-color has-background\"><strong>LAN\u00c7AMENTO DE LIVROS, BAZAR, DAN\u00c7A E CANTO<\/strong>!<\/p>\n\n\n\n<p><\/p>\n\n\n\n<figure class=\"wp-block-gallery columns-2 is-cropped wp-block-gallery-2 is-layout-flex wp-block-gallery-is-layout-flex\"><ul class=\"blocks-gallery-grid\"><li class=\"blocks-gallery-item\"><figure><a href=\"https:\/\/sielbra.com.br\/wp-content\/uploads\/2022\/11\/WhatsApp-Image-2022-11-09-at-18.57.58.jpeg\"><img loading=\"lazy\" decoding=\"async\" width=\"1024\" height=\"739\" src=\"https:\/\/sielbra.com.br\/wp-content\/uploads\/2022\/11\/WhatsApp-Image-2022-11-09-at-18.57.58.jpeg\" alt=\"\" data-id=\"1639\" data-full-url=\"https:\/\/sielbra.com.br\/wp-content\/uploads\/2022\/11\/WhatsApp-Image-2022-11-09-at-18.57.58.jpeg\" data-link=\"https:\/\/sielbra.com.br\/?attachment_id=1639\" class=\"wp-image-1639\" srcset=\"https:\/\/sielbra.com.br\/wp-content\/uploads\/2022\/11\/WhatsApp-Image-2022-11-09-at-18.57.58.jpeg 1024w, https:\/\/sielbra.com.br\/wp-content\/uploads\/2022\/11\/WhatsApp-Image-2022-11-09-at-18.57.58-600x433.jpeg 600w, https:\/\/sielbra.com.br\/wp-content\/uploads\/2022\/11\/WhatsApp-Image-2022-11-09-at-18.57.58-300x217.jpeg 300w, https:\/\/sielbra.com.br\/wp-content\/uploads\/2022\/11\/WhatsApp-Image-2022-11-09-at-18.57.58-768x554.jpeg 768w\" sizes=\"auto, (max-width: 1024px) 100vw, 1024px\" \/><\/a><figcaption class=\"blocks-gallery-item__caption\">Dan\u00e7arino Mohamad El Jamal <\/figcaption><\/figure><\/li><li class=\"blocks-gallery-item\"><figure><a href=\"https:\/\/sielbra.com.br\/wp-content\/uploads\/2022\/11\/Cantor-recortado.jpg\"><img loading=\"lazy\" decoding=\"async\" width=\"414\" height=\"513\" src=\"https:\/\/sielbra.com.br\/wp-content\/uploads\/2022\/11\/Cantor-recortado.jpg\" alt=\"\" data-id=\"1643\" data-full-url=\"https:\/\/sielbra.com.br\/wp-content\/uploads\/2022\/11\/Cantor-recortado.jpg\" data-link=\"https:\/\/sielbra.com.br\/?attachment_id=1643\" class=\"wp-image-1643\" srcset=\"https:\/\/sielbra.com.br\/wp-content\/uploads\/2022\/11\/Cantor-recortado.jpg 414w, https:\/\/sielbra.com.br\/wp-content\/uploads\/2022\/11\/Cantor-recortado-242x300.jpg 242w\" sizes=\"auto, (max-width: 414px) 100vw, 414px\" \/><\/a><figcaption class=\"blocks-gallery-item__caption\"> Cantor liban\u00eas Shaker Aki <\/figcaption><\/figure><\/li><\/ul><figcaption class=\"blocks-gallery-caption\">Muita dan\u00e7a, alegria e cultura \u00e1rabe compartilhada entre os povos. Voc\u00ea n\u00e3o pode perder!<\/figcaption><\/figure>\n\n\n\n<p class=\"has-text-align-left has-white-color has-luminous-vivid-amber-background-color has-text-color has-background\"><strong>PARCEIROS E APOIADORES<\/strong><\/p>\n\n\n\n<figure class=\"wp-block-gallery columns-0 wp-block-gallery-3 is-layout-flex wp-block-gallery-is-layout-flex\"><ul class=\"blocks-gallery-grid\"><li class=\"blocks-gallery-item\"><figure><a href=\"https:\/\/sielbra.com.br\/wp-content\/uploads\/2022\/11\/Livros-1.jpg\"><img loading=\"lazy\" decoding=\"async\" width=\"1008\" height=\"479\" src=\"https:\/\/sielbra.com.br\/wp-content\/uploads\/2022\/11\/Livros-1.jpg\" alt=\"\" data-id=\"1625\" data-full-url=\"https:\/\/sielbra.com.br\/wp-content\/uploads\/2022\/11\/Livros-1.jpg\" data-link=\"https:\/\/sielbra.com.br\/?attachment_id=1625\" class=\"wp-image-1625\" srcset=\"https:\/\/sielbra.com.br\/wp-content\/uploads\/2022\/11\/Livros-1.jpg 1008w, https:\/\/sielbra.com.br\/wp-content\/uploads\/2022\/11\/Livros-1-600x285.jpg 600w, https:\/\/sielbra.com.br\/wp-content\/uploads\/2022\/11\/Livros-1-300x143.jpg 300w, https:\/\/sielbra.com.br\/wp-content\/uploads\/2022\/11\/Livros-1-768x365.jpg 768w\" sizes=\"auto, (max-width: 1008px) 100vw, 1008px\" \/><\/a><\/figure><\/li><li class=\"blocks-gallery-item\"><figure><a href=\"https:\/\/sielbra.com.br\/wp-content\/uploads\/2022\/11\/Livros-2.jpg\"><img loading=\"lazy\" decoding=\"async\" width=\"1020\" height=\"502\" src=\"https:\/\/sielbra.com.br\/wp-content\/uploads\/2022\/11\/Livros-2.jpg\" alt=\"\" data-id=\"1626\" data-full-url=\"https:\/\/sielbra.com.br\/wp-content\/uploads\/2022\/11\/Livros-2.jpg\" data-link=\"https:\/\/sielbra.com.br\/?attachment_id=1626\" class=\"wp-image-1626\" srcset=\"https:\/\/sielbra.com.br\/wp-content\/uploads\/2022\/11\/Livros-2.jpg 1020w, https:\/\/sielbra.com.br\/wp-content\/uploads\/2022\/11\/Livros-2-600x295.jpg 600w, https:\/\/sielbra.com.br\/wp-content\/uploads\/2022\/11\/Livros-2-300x148.jpg 300w, https:\/\/sielbra.com.br\/wp-content\/uploads\/2022\/11\/Livros-2-768x378.jpg 768w\" sizes=\"auto, (max-width: 1020px) 100vw, 1020px\" \/><\/a><\/figure><\/li><\/ul><\/figure>\n\n\n\n<div class=\"wp-block-media-text alignwide is-stacked-on-mobile\" style=\"grid-template-columns:47% auto\"><figure class=\"wp-block-media-text__media\"><img loading=\"lazy\" decoding=\"async\" width=\"1024\" height=\"425\" src=\"https:\/\/sielbra.com.br\/wp-content\/uploads\/2022\/11\/Parceiros-Sielbra-recortado-1024x425.jpg\" alt=\"\" class=\"wp-image-1714 size-full\" srcset=\"https:\/\/sielbra.com.br\/wp-content\/uploads\/2022\/11\/Parceiros-Sielbra-recortado-1024x425.jpg 1024w, https:\/\/sielbra.com.br\/wp-content\/uploads\/2022\/11\/Parceiros-Sielbra-recortado-scaled-600x249.jpg 600w, https:\/\/sielbra.com.br\/wp-content\/uploads\/2022\/11\/Parceiros-Sielbra-recortado-300x124.jpg 300w, https:\/\/sielbra.com.br\/wp-content\/uploads\/2022\/11\/Parceiros-Sielbra-recortado-768x319.jpg 768w, https:\/\/sielbra.com.br\/wp-content\/uploads\/2022\/11\/Parceiros-Sielbra-recortado-1536x637.jpg 1536w, https:\/\/sielbra.com.br\/wp-content\/uploads\/2022\/11\/Parceiros-Sielbra-recortado-2048x850.jpg 2048w\" sizes=\"auto, (max-width: 1024px) 100vw, 1024px\" \/><\/figure><div class=\"wp-block-media-text__content\">\n<p class=\"has-large-font-size\"><\/p>\n<\/div><\/div>\n\n\n\n<div class=\"wp-block-media-text alignwide is-stacked-on-mobile\" style=\"grid-template-columns:15% auto\"><figure class=\"wp-block-media-text__media\"><a href=\"https:\/\/sielbra.com.br\/wp-content\/uploads\/2022\/11\/Folder-evento-Sielbra-210-\u00d7-148-mm-3.pdf\"><img loading=\"lazy\" decoding=\"async\" width=\"723\" height=\"1024\" src=\"https:\/\/sielbra.com.br\/wp-content\/uploads\/2022\/11\/Cartaz-quadrado-evento-723x1024.jpeg\" alt=\"\" class=\"wp-image-1666 size-full\" srcset=\"https:\/\/sielbra.com.br\/wp-content\/uploads\/2022\/11\/Cartaz-quadrado-evento-723x1024.jpeg 723w, https:\/\/sielbra.com.br\/wp-content\/uploads\/2022\/11\/Cartaz-quadrado-evento-600x850.jpeg 600w, https:\/\/sielbra.com.br\/wp-content\/uploads\/2022\/11\/Cartaz-quadrado-evento-212x300.jpeg 212w, https:\/\/sielbra.com.br\/wp-content\/uploads\/2022\/11\/Cartaz-quadrado-evento-768x1087.jpeg 768w, https:\/\/sielbra.com.br\/wp-content\/uploads\/2022\/11\/Cartaz-quadrado-evento.jpeg 904w\" sizes=\"auto, (max-width: 723px) 100vw, 723px\" \/><\/a><\/figure><div class=\"wp-block-media-text__content\">\n<p class=\"has-large-font-size\"><a href=\"https:\/\/sielbra.com.br\/wp-content\/uploads\/2022\/11\/Folder-evento-Sielbra-210-%C3%97-148-mm-3.pdf\" target=\"_blank\" rel=\"noreferrer noopener\">Fa\u00e7a aqui o donwload do nosso folder<\/a><\/p>\n\n\n\n<p>Para quem participar &#8211; Nosso evento ser\u00e1 gravado e a divulga\u00e7\u00e3o tem fins meramente educacionais e n\u00e3o implica em direitos autorais. Quem participa concorda com os termos de participa\u00e7\u00e3o espont\u00e2nea de acordo com a Lei Geral de Prote\u00e7\u00e3o de Dados (LGPD).<\/p>\n<\/div><\/div>\n\n\n\n<p><\/p>\n\n\n\n<p><\/p>\n","protected":false},"excerpt":{"rendered":"<p>Em comemora\u00e7\u00e3o ao Dia da Independ\u00eancia do L\u00edbano, a Sielbra realiza sua 1\u00aa Exposi\u00e7\u00e3o Cultural L\u00edbano-Brasileira, com dan\u00e7as, comidas t\u00edpicas, palestras super interessantes e bazar. Venha conferir!<\/p>\n","protected":false},"author":1,"featured_media":1454,"comment_status":"open","ping_status":"open","sticky":false,"template":"","format":"standard","meta":{"footnotes":""},"categories":[99,27,68,39,7],"tags":[124,132,129,128,101,133,127,130,102,126,131,125],"class_list":["post-1453","post","type-post","status-publish","format-standard","has-post-thumbnail","hentry","category-cultura","category-editoracao","category-empreendedorismo","category-live-ao-vivo-sem-categoria","category-palestra-gratuita","tag-1a-exposicao-cultural-libano-brasileira","tag-bazar-arabe","tag-comida","tag-culinaria","tag-cultura","tag-cursos","tag-danca","tag-filosofia","tag-lingua-arabe","tag-musica","tag-palestras","tag-sielbra"],"_links":{"self":[{"href":"https:\/\/sielbra.com.br\/index.php?rest_route=\/wp\/v2\/posts\/1453","targetHints":{"allow":["GET"]}}],"collection":[{"href":"https:\/\/sielbra.com.br\/index.php?rest_route=\/wp\/v2\/posts"}],"about":[{"href":"https:\/\/sielbra.com.br\/index.php?rest_route=\/wp\/v2\/types\/post"}],"author":[{"embeddable":true,"href":"https:\/\/sielbra.com.br\/index.php?rest_route=\/wp\/v2\/users\/1"}],"replies":[{"embeddable":true,"href":"https:\/\/sielbra.com.br\/index.php?rest_route=%2Fwp%2Fv2%2Fcomments&post=1453"}],"version-history":[{"count":164,"href":"https:\/\/sielbra.com.br\/index.php?rest_route=\/wp\/v2\/posts\/1453\/revisions"}],"predecessor-version":[{"id":1728,"href":"https:\/\/sielbra.com.br\/index.php?rest_route=\/wp\/v2\/posts\/1453\/revisions\/1728"}],"wp:featuredmedia":[{"embeddable":true,"href":"https:\/\/sielbra.com.br\/index.php?rest_route=\/wp\/v2\/media\/1454"}],"wp:attachment":[{"href":"https:\/\/sielbra.com.br\/index.php?rest_route=%2Fwp%2Fv2%2Fmedia&parent=1453"}],"wp:term":[{"taxonomy":"category","embeddable":true,"href":"https:\/\/sielbra.com.br\/index.php?rest_route=%2Fwp%2Fv2%2Fcategories&post=1453"},{"taxonomy":"post_tag","embeddable":true,"href":"https:\/\/sielbra.com.br\/index.php?rest_route=%2Fwp%2Fv2%2Ftags&post=1453"}],"curies":[{"name":"wp","href":"https:\/\/api.w.org\/{rel}","templated":true}]}}