{"id":374,"date":"2022-11-09T20:00:00","date_gmt":"2022-11-09T20:00:00","guid":{"rendered":"http:\/\/sielbra.com.br\/?p=374"},"modified":"2026-03-10T18:26:39","modified_gmt":"2026-03-10T18:26:39","slug":"editar-um-livro-na-pratica","status":"publish","type":"post","link":"https:\/\/sielbra.com.br\/?p=374","title":{"rendered":"Curso escrever e publicar um livro (h\u00edbrido)"},"content":{"rendered":"\n<p class=\"has-luminous-vivid-amber-background-color has-background\"><strong>DIAS 28 DE MAR\u00c7O E 4, 11 E 18 DE ABRIL<\/strong><\/p>\n\n\n\n<p><strong>INVESTIMENTO \u2013<\/strong> De R$ <s>250,00<\/s> por R$ 160,00<\/p>\n\n\n\n<p><strong>CARGA HOR\u00c1RIA&nbsp;\u2013&nbsp;<\/strong>3 horas cada encontro, somando 12h, no total. Aos s\u00e1bados a partir das 14h.<\/p>\n\n\n\n<p><strong>P\u00daBLICO-ALVO&nbsp;\u2013&nbsp;<\/strong>Este curso livre n\u00e3o possui pr\u00e9-requisitos. \u00c9 voltado a quem deseja escrever e publicar sua obra, de forma independente ou com editora. \u00c9 adequado para novos autores e profissionais liberais que querem entrar no mercado editorial e compreender o livro em suas vertentes liter\u00e1ria, editorial e cultural e seus formatos, f\u00edsico, e-book e audiobook.<\/p>\n\n\n\n<p><strong>OBJETIVO GERAL \u2013<\/strong> Da constru\u00e7\u00e3o e produ\u00e7\u00e3o do livro, do original ao lan\u00e7amento, mercado editorial e mundo liter\u00e1rio f\u00edsico e virtual. Circula\u00e7\u00e3o, distribui\u00e7\u00e3o e divulga\u00e7\u00e3o.<\/p>\n\n\n\n<p><strong>OBJETIVOS ESPEC\u00cdFICOS \u2013<\/strong> Saber como preparar um original conforme normas da ABNT; entender as rela\u00e7\u00f5es profissionais com fornecedores, a Lei de Direitos Autorais. Conhecer a din\u00e2mica do mercado. Compreender os diversos tipos de g\u00eanero, a tend\u00eancia das capas e dos g\u00eaneros atuais. Permitir o aprendizado por meio de um exemplo real, evitando erros e desperd\u00edcio de recursos. <\/p>\n\n\n\n<p><strong>METODOLOGIA \u2013&nbsp;<\/strong>Aulas expositivas, estudos de caso, exerc\u00edcios pr\u00e1ticos, conversas com profissionais do setor, plant\u00e3o de d\u00favidas, consultoria individualizada.<\/p>\n\n\n\n<p><strong>JUSTIFICATIVA \u2013<\/strong> O livro cumpre as fun\u00e7\u00f5es de preserva\u00e7\u00e3o e propaga\u00e7\u00e3o do conhecimento, forma culturalmente e diverte, \u00e9 base para o aprendizado e da difus\u00e3o de novas informa\u00e7\u00f5es. O acelerado processo de produ\u00e7\u00e3o de conhecimento tem aberto permanentemente lacunas que necessitam da edi\u00e7\u00e3o de novos livros, bem como as recentes ferramentas tecnol\u00f3gicas que permitem ao livro se apresentar em diversos formatos.<\/p>\n\n\n\n<p>Voc\u00ea aprender\u00e1 a <strong>escrever<\/strong> e <strong>publicar um livro, <\/strong>de fic\u00e7\u00e3o ou n\u00e3o fic\u00e7\u00e3o, al\u00e9m de entender como ele poder\u00e1 ser inserido no mercado editorial. Esse processo envolve as seguintes etapas:<\/p>\n\n\n\n<p class=\"has-luminous-vivid-amber-background-color has-background\"><strong>PR\u00c9-PRODU\u00c7\u00c3O<\/strong><\/p>\n\n\n\n<p><strong>Cria\u00e7\u00e3o<\/strong>: constru\u00e7\u00e3o do original e a voz do autor; textos e paratextos; direitos autorais; agentes liter\u00e1rios; como apresentar seu original a uma editora<\/p>\n\n\n\n<p><strong>Produ\u00e7\u00e3o<\/strong>: registro pelo autor (CBL ou Biblioteca Nacional); prepara\u00e7\u00e3o do texto (aspectos t\u00e9cnicos da narrativa, v\u00edcios de linguagem, paragrafa\u00e7\u00e3o, coes\u00e3o textual, ordem dos cap\u00edtulos, e formas de interven\u00e7\u00e3o) de acordo com o g\u00eanero; leitura cr\u00edtica<\/p>\n\n\n\n<p><strong>Revis\u00e3o:<\/strong> ortogr\u00e1fica, gramatical, pontua\u00e7\u00e3o, normaliza\u00e7\u00e3o<\/p>\n\n\n\n<p><strong>Diagrama\u00e7\u00e3o:<\/strong> cria\u00e7\u00e3o de capa e materiais promocionais<\/p>\n\n\n\n<p class=\"has-luminous-vivid-amber-background-color has-background\"><strong>PRODU\u00c7\u00c3O<\/strong><\/p>\n\n\n\n<p><strong>Pr\u00e9-m\u00eddia (ou pr\u00e9-impress\u00e3o):<\/strong> conjunto de processos t\u00e9cnicos que prepara arquivos digitais para a produ\u00e7\u00e3o gr\u00e1fica<\/p>\n\n\n\n<p><strong>Impress\u00e3o:<\/strong> as novas tecnologias e seus sistemas de impress\u00e3o (offset, digital e sob demanda) e possibilidades de acabamento. Papel; tipografia; tipologia; mancha (margens); boneca. <\/p>\n\n\n\n<p><strong>O livro f\u00edsico e o livro na era digital:<\/strong> e-book, audiobook, aplicativos, bibliotecas digitais<\/p>\n\n\n\n<p class=\"has-luminous-vivid-amber-background-color has-background\"><strong>P\u00d3S-PRODU\u00c7\u00c3O <\/strong><\/p>\n\n\n\n<p><strong>Circula\u00e7\u00e3o e distribui\u00e7\u00e3o:<\/strong> informa\u00e7\u00f5es sobre mercado editorial &#8211; vendas; lista de mais vendidos; canais de venda (livrarias, distribuidores, e-commerce, marketplaces, pontos alternativos); eventos, como encontro com o autor; feiras liter\u00e1rias; front list e back list (fundo de cat\u00e1logo); best seller e long seller<\/p>\n\n\n\n<p class=\"has-luminous-vivid-amber-background-color has-background\"><strong>PARTE T\u00c9CNICA DO LIVRO <\/strong>&#8211; <strong>SUA ANATOMIA E OBRIGA\u00c7\u00d5ES LEGAIS<\/strong><\/p>\n\n\n\n<p><strong>Mercado editorial<\/strong>: contratos editorias; o pre\u00e7o do livro e a quest\u00e3o tribut\u00e1ria; c\u00e1lculo de custos editoriais; modelos de financiamento; metadados (Metha, Bisac etc.), ABNT, ISBN e ficha catalogr\u00e1fica; agentes liter\u00e1rios; pr\u00eamios liter\u00e1rios; obrigatoriedade de dep\u00f3sito legal<\/p>\n\n\n\n<p class=\"has-luminous-vivid-amber-background-color has-background\"><strong>Solange S\u00f3lon Borges<\/strong><\/p>\n\n\n\n<p>Publisher das editoras <a href=\"https:\/\/editoraoartifice.com.br\/\"><strong>O Art\u00edfice<\/strong> e <strong>Trajet\u00f3rias<\/strong><\/a> (selo voltado a biografias). Mestra em Estudos Culturais (USP Leste), especializa\u00e7\u00e3o em M\u00eddia, Informa\u00e7\u00e3o e Cultura (Celacc\/ECA USP), Comunica\u00e7\u00e3o e Marketing (Faenac) e Design Instrucional (Universidade do Livro). <\/p>\n\n\n\n<p>Finalista do <strong>pr\u00eamio Off Flip<\/strong> de poesia (2024); pr\u00eamio FEPLAI \u2013 Festival de Produ\u00e7\u00f5es liter\u00e1rias e art\u00edsticas do IFCE &#8211; Instituto Federal do Cear\u00e1. <strong>Trof\u00e9u Socorro Acioli<\/strong>. Eliana Aparecida Conquista. Com o apoio e pesquisa de Ana Paula Aquilino, Maria do Carmo Braga do Amaral Tirado, Fl\u00e1via Aquilino Marcondes Cezar.Ficcionista e poeta premiada, autora dos livros <em>Todos os homens s\u00e3o girass\u00f3is<\/em> (pr\u00eamio da Academia Paulistana da Hist\u00f3ria), <em>Jardins Irregulares<\/em> e <em>\u00c0 espera dos girass\u00f3is:<\/em> poesias de amor e espera, ambos de poesia, <em>Mudei meu passado, e agora?<\/em> (romance sci-fi, em parceria com Coca Valen\u00e7a), <em>Janelas abertas para uma can\u00e7\u00e3o desesperada<\/em> (contos), <em>A historinha do cachorro Cheirudo<\/em> e <em>A historinha do bichinho Gord\u00e3o<\/em>, ambos infantis. Jornalista, ex-colunista do Liter\u00e1rio do portal <i>Comunique-se<\/i>.<\/p>\n\n\n\n<p>Pela editora <strong><a href=\"https:\/\/editoraoartifice.com.br\/\">O Art\u00edfice<\/a><\/strong>, a cartilha <strong>O caminho a seguir &#8211; como agir frente a uma PCD <\/strong>(das autoras Eliana Aparecida Conquista, Ana Paula Aquilino, Maria do Carmo Braga do Amaral Tirado, Fl\u00e1via Aquilino Marcondes Cezar) foi seminifanslista do <strong>pr\u00eamio Jabuti<\/strong> &#8211; categoria educa\u00e7\u00e3o, em 2024. A editora obteve outros cinco pr\u00eamios pela <strong>Academia Paulistana da Hist\u00f3ria<\/strong> (<em>Convoca\u00e7\u00e3o geral: a folia est\u00e1 na rua \u2013 o carnaval de S\u00e3o Paulo tem hist\u00f3ria de verdade<\/em>, de Nelsinho Crecibeni; <em>Cambuci ontem e hoje (1906-2006 \u2013 100 anos de vida e hist\u00f3ria,<\/em> de Atilio Lucchini); <em>J\u00e2nio Quadros-Fi-lo porque quis<\/em>, de Nelson Valente; <em>O tempo e suas sementes<\/em>, de Sandra Baffi; <em>Hist\u00f3rias assombradas &amp; mal contadas da C\u00e2mara Municipal de S\u00e3o Paulo<\/em>, de L\u00e1zaro Roberto; <em>Todos os homens s\u00e3o girass\u00f3is<\/em>, de Solange S\u00f3lon Borges), al\u00e9m de outras indica\u00e7\u00f5es.&nbsp;&nbsp;<\/p>\n\n\n\n<p>Conhe\u00e7a mais sobre a editora e autora Solange S\u00f3lon Borges em seu canal de <a href=\"https:\/\/www.youtube.com\/channel\/UCJY9A_NkfSl6YDapo-akcMg\"><strong>YouTube.<\/strong><\/a><\/p>\n\n\n\n<p class=\"has-luminous-vivid-amber-background-color has-background\"><strong>INFORMA\u00c7\u00d5ES E INSCRI\u00c7\u00c3O:<\/strong> sielbra@sielbra.com.br. Whatsapp (11) 5587-2222<\/p>\n\n\n\n<p><strong>IMPORTANTE:<\/strong> Ao fazer a inscri\u00e7\u00e3o, fornecer nome completo, celular para contato e RG.<\/p>\n\n\n\n<p><strong>FORMA DE PAGAMENTO \u2013&nbsp;<\/strong>\u00e0 vista, transfer\u00eancia banc\u00e1ria, PIX, ou d\u00e9bito. Ou em 2 vezes, no cart\u00e3o de cr\u00e9dito.<\/p>\n\n\n\n<p><strong>Objetivos de Desenvolvimento Sustent\u00e1vel (ONU)<\/strong> &#8211; educa\u00e7\u00e3o de qualidade e inclusiva, promovendo a oportunidade de conhecimento e a circula\u00e7\u00e3o do saber para promover o crescimento econ\u00f4mico e pessoal sustent\u00e1vel. <\/p>\n","protected":false},"excerpt":{"rendered":"<p>DIAS 28 DE MAR\u00c7O E 4, 11 E 18 DE ABRIL INVESTIMENTO \u2013 De R$ 250,00 por R$ 160,00 CARGA HOR\u00c1RIA&nbsp;\u2013&nbsp;3 horas cada encontro, somando 12h, no total. Aos s\u00e1bados a partir das 14h. P\u00daBLICO-ALVO&nbsp;\u2013&nbsp;Este curso livre n\u00e3o possui pr\u00e9-requisitos. \u00c9 voltado a quem deseja escrever e publicar sua obra, de forma independente ou com [&hellip;]<\/p>\n","protected":false},"author":1,"featured_media":1334,"comment_status":"open","ping_status":"open","sticky":true,"template":"","format":"standard","meta":{"footnotes":""},"categories":[99,6,27,175],"tags":[35,174,25,28,37,36,173,29],"class_list":["post-374","post","type-post","status-publish","format-standard","has-post-thumbnail","hentry","category-cultura","category-cursos-rapidos","category-editoracao","category-literatura","tag-autor","tag-autor-independente","tag-curso-rapido","tag-editoracao","tag-empreendedorismo","tag-escritor","tag-literatura","tag-livro"],"_links":{"self":[{"href":"https:\/\/sielbra.com.br\/index.php?rest_route=\/wp\/v2\/posts\/374","targetHints":{"allow":["GET"]}}],"collection":[{"href":"https:\/\/sielbra.com.br\/index.php?rest_route=\/wp\/v2\/posts"}],"about":[{"href":"https:\/\/sielbra.com.br\/index.php?rest_route=\/wp\/v2\/types\/post"}],"author":[{"embeddable":true,"href":"https:\/\/sielbra.com.br\/index.php?rest_route=\/wp\/v2\/users\/1"}],"replies":[{"embeddable":true,"href":"https:\/\/sielbra.com.br\/index.php?rest_route=%2Fwp%2Fv2%2Fcomments&post=374"}],"version-history":[{"count":61,"href":"https:\/\/sielbra.com.br\/index.php?rest_route=\/wp\/v2\/posts\/374\/revisions"}],"predecessor-version":[{"id":2315,"href":"https:\/\/sielbra.com.br\/index.php?rest_route=\/wp\/v2\/posts\/374\/revisions\/2315"}],"wp:featuredmedia":[{"embeddable":true,"href":"https:\/\/sielbra.com.br\/index.php?rest_route=\/wp\/v2\/media\/1334"}],"wp:attachment":[{"href":"https:\/\/sielbra.com.br\/index.php?rest_route=%2Fwp%2Fv2%2Fmedia&parent=374"}],"wp:term":[{"taxonomy":"category","embeddable":true,"href":"https:\/\/sielbra.com.br\/index.php?rest_route=%2Fwp%2Fv2%2Fcategories&post=374"},{"taxonomy":"post_tag","embeddable":true,"href":"https:\/\/sielbra.com.br\/index.php?rest_route=%2Fwp%2Fv2%2Ftags&post=374"}],"curies":[{"name":"wp","href":"https:\/\/api.w.org\/{rel}","templated":true}]}}