{"id":921,"date":"2025-04-15T17:07:00","date_gmt":"2025-04-15T17:07:00","guid":{"rendered":"http:\/\/sielbra.com.br\/?p=921"},"modified":"2025-05-11T12:50:46","modified_gmt":"2025-05-11T12:50:46","slug":"gratuito-dia-14-de-marco-aula-experimental-de-lingua-arabe","status":"publish","type":"post","link":"https:\/\/sielbra.com.br\/?p=921","title":{"rendered":"Inscri\u00e7\u00f5es abertas: curso regular sobre l\u00edngua e cultura \u00e1rabe &#8211; Curso normal e Conversa\u00e7\u00e3o &#8211; B\u00e1sico"},"content":{"rendered":"\n<div class=\"wp-block-buttons is-layout-flex wp-block-buttons-is-layout-flex\">\n<div class=\"wp-block-button\"><a class=\"wp-block-button__link wp-element-button\" href=\"mailto:sielbra@sielbra.com.br\" target=\"_blank\" rel=\"noreferrer noopener\">Fale conosco<\/a><\/div>\n<\/div>\n\n\n\n<p><strong>CERTIFICA\u00c7\u00c3O &#8211;&nbsp;<\/strong>desde que o aluno tenha 70% de presen\u00e7a \u00e0s aulas e entregue atividades propostas e alcance nota m\u00ednima exigida na avalia\u00e7\u00e3o!<\/p>\n\n\n\n<p><strong><a href=\"https:\/\/docs.google.com\/forms\/d\/e\/1FAIpQLSehH-RhIFgIoel-uKCCE8gTW4AGiA_OhQ8nPlzuotWawMElRg\/viewform?fbclid=IwAR1ym3BM41m-11pml32Q805z6CWJ8On4mx3yLAeePYG6y7YjdC3ohWZbMw8\" data-type=\"link\" data-id=\"https:\/\/docs.google.com\/forms\/d\/e\/1FAIpQLSehH-RhIFgIoel-uKCCE8gTW4AGiA_OhQ8nPlzuotWawMElRg\/viewform?fbclid=IwAR1ym3BM41m-11pml32Q805z6CWJ8On4mx3yLAeePYG6y7YjdC3ohWZbMw8\">Voc\u00ea tamb\u00e9m pode fazer sua pr\u00e9-inscri\u00e7\u00e3o neste link<\/a><\/strong><\/p>\n\n\n\n<h1 class=\"wp-block-heading\"><strong>TURMAS ABERTAS!<\/strong><\/h1>\n\n\n\n<p><\/p>\n\n\n\n<p class=\"has-black-color has-vivid-green-cyan-background-color has-text-color has-background has-link-color has-medium-font-size wp-elements-d8d7340a354d2dca9a6de8c7e10cb552\"><strong>CONVERSA\u00c7\u00c3O &#8211;  2\u00aa e 4\u00aa, das 19h \u00e0s 20h30 \u2013 R$ 799,00<\/strong><\/p>\n\n\n\n<p class=\"has-vivid-green-cyan-background-color has-background has-medium-font-size\"><strong>B\u00c1SICO &#8211; M\u00d3DULO I &#8211; 3\u00aa e 5\u00aa, das 19h \u00e0s 20h30 &#8211; <strong>Em formato h\u00edbrido: presencial e on-line (ao vivo)<\/strong> R$ 799,00 <\/strong><\/p>\n\n\n\n<p><\/p>\n\n\n\n<p>Desde 2022 a Sielbra oferece seu curso livre b\u00e1sico de L\u00edngua, Cultura \u00c1rabe e Caligrafia. A metodologia, o material e os excelentes professores fazem da Sielbra a melhor op\u00e7\u00e3o para o estudo personalizado do \u00e1rabe e o conhecimento de seus aspectos culturais.<\/p>\n\n\n\n<p><strong>Metodologia:<\/strong>&nbsp;a proposta \u00e9 desenvolver a conversa\u00e7\u00e3o e a compreens\u00e3o escrita e auditiva, com o aux\u00edlio de material de apoio, livro e recursos audiovisuais. Portanto, voltado \u00e0 necessidade do aluno, em seu \u00e2mbito profissional e acad\u00eamico. Cada aula \u00e9 dedicada a compreender a fun\u00e7\u00e3o e a escrita de uma letra, com foco na escrita cl\u00e1ssica da l\u00edngua \u00e1rabe, conhecimento que se soma \u00e0 conversa\u00e7\u00e3o do \u00e1rabe popular.<\/p>\n\n\n\n<p class=\"has-vivid-green-cyan-background-color has-background\"><strong>EMENTA &#8211; CURSO DE L\u00cdNGUA, CULTURA E CALIGRAFIA \u00c1RABE B\u00c1SICA<\/strong><\/p>\n\n\n\n<p><strong>M\u00d3DULO I (B\u00e1sico I \u2013 Alfabetiza\u00e7\u00e3o b\u00e1sica)<\/strong> <\/p>\n\n\n\n<p class=\"has-vivid-green-cyan-background-color has-background\"><strong>CARGA HOR\u00c1RIA<\/strong><\/p>\n\n\n\n<p><strong>42 horas (distribu\u00eddas em 28 aulas de 1h30)<\/strong><\/p>\n\n\n\n<p class=\"has-vivid-green-cyan-background-color has-background\"><strong>MODALIDADE<\/strong><\/p>\n\n\n\n<p><strong>Presencial\/On-line (ao vivo)<\/strong><\/p>\n\n\n\n<p class=\"has-vivid-green-cyan-background-color has-background\"><strong>P\u00daBLICO-ALVO<\/strong><\/p>\n\n\n\n<p>O curso \u00e9 destinado a todos aqueles que tenham interesse em aprender a l\u00edngua \u00e1rabe por motivos acad\u00eamicos, profissionais ou pessoais.<\/p>\n\n\n\n<p class=\"has-vivid-green-cyan-background-color has-background\"><strong>OBJETIVOS <\/strong><\/p>\n\n\n\n<p>Apresentar o alfabeto \u00e1rabe, seus sons e principais caracter\u00edsticas, permitindo que os alunos se familiarizem com a escrita e a pron\u00fancia. Ao fim do m\u00f3dulo, os alunos ser\u00e3o capazes de:<\/p>\n\n\n\n<ul class=\"wp-block-list\">\n<li>Nomear as letras do alfabeto \u00e1rabe;<\/li>\n\n\n\n<li>Reconhecer os sons correspondentes a cada uma das letras, incluindo aqueles que s\u00e3o exclusivos da l\u00edngua \u00e1rabe;<\/li>\n\n\n\n<li>Identificar e reproduzir a grafia das letras em suas diferentes posi\u00e7\u00f5es dentro de uma palavra (inicial, medial, final ou isolada);<\/li>\n\n\n\n<li>Escrever corretamente, fazendo a correspond\u00eancia entre os sons desejados e as letras, sinais e acentos que os representam;<\/li>\n\n\n\n<li>Escrever com clareza e beleza, respeitando as normas caligr\u00e1ficas;<\/li>\n\n\n\n<li>Ler palavras escritas e pronunci\u00e1-las corretamente , considerando os sons das letras, sinais e acentos da l\u00edngua \u00e1rabe.<\/li>\n<\/ul>\n\n\n\n<p class=\"has-vivid-green-cyan-background-color has-background\"><strong>CONTE\u00daDO PROGRAM\u00c1TICO<\/strong><\/p>\n\n\n\n<h1 class=\"wp-block-heading\"><\/h1>\n\n\n\n<ul class=\"wp-block-list\">\n<li>O alfabeto \u00e1rabe;<\/li>\n\n\n\n<li>As letras em diferentes posi\u00e7\u00f5es (inicial, medial, final e isolada); <\/li>\n\n\n\n<li>Sinais, vogais e acentos;<\/li>\n\n\n\n<li>T\u00e1 Mabsuta, T\u00e1 Marbuta e H\u00e1;<\/li>\n\n\n\n<li>Artigo definido (letras lunares e solares).<\/li>\n<\/ul>\n\n\n\n<h1 class=\"wp-block-heading has-vivid-green-cyan-background-color has-background has-medium-font-size\">METODOLOGIA<\/h1>\n\n\n\n<p><\/p>\n\n\n\n<ul class=\"wp-block-list\">\n<li>Aulas din\u00e2micas com foco na leitura e na escrita;<\/li>\n\n\n\n<li>Exerc\u00edcios escritos para desenvolvimento e aprimoramento da caligrafia;<\/li>\n\n\n\n<li>Atividades pr\u00e1ticas de leitura para aquisi\u00e7\u00e3o e desenvolvimento das pron\u00fancias.<\/li>\n<\/ul>\n\n\n\n<p class=\"has-vivid-green-cyan-background-color has-background has-medium-font-size\"><strong>MATERIAL DID\u00c1TICO<\/strong><\/p>\n\n\n\n<p><\/p>\n\n\n\n<ul class=\"wp-block-list\">\n<li>Apostila desenvolvida e disponibilizada pelo professor (vers\u00e3o digital) para apoio durante as aulas.<\/li>\n<\/ul>\n\n\n\n<p class=\"has-vivid-green-cyan-background-color has-background\"><strong>VALOR PROMOCIONAL \u2013 DE R$ 799,00 o curso (j\u00e1 com desconto aplicado). Pagamento \u00e0 vista (PIX \/ d\u00e9bito) ou cart\u00e3o de cr\u00e9dito, parcelado em at\u00e9 4x.&nbsp;<\/strong><\/p>\n\n\n\n<p><\/p>\n\n\n\n<p><strong>Fa\u00e7a sua matr\u00edcula on-line:&nbsp;<a href=\"mailto:sielbra@sielbra.com.br\">sielbra@sielbra.com.br<\/a>.<\/strong>&nbsp;Traga um amigo e ganhe 10% de desconto. Informa\u00e7\u00f5es pelo nosso telefone fixo e whatsapp (11) 5587-2222.<\/p>\n\n\n\n<p><\/p>\n\n\n\n<p class=\"has-vivid-green-cyan-background-color has-background has-medium-font-size\"><strong>M\u00d3DULO II &#8211; CONVERSA\u00c7\u00c3O B\u00c1SICA &#8211; 42h R$ 999<\/strong><\/p>\n\n\n\n<p>Caligrafia \u00e1rabe 12 horas 349 r$<\/p>\n\n\n\n<h2 class=\"wp-block-heading has-vivid-green-cyan-background-color has-background\">CURSO AVAN\u00c7ADO DE CALIGRAFIA \u00c1RABE <\/h2>\n\n\n\n<p><strong>CARGA HOR\u00c1RIA: <\/strong>12 horas &#8211; <strong>VALOR:<\/strong> R$ 349 <\/p>\n\n\n\n<p><\/p>\n","protected":false},"excerpt":{"rendered":"<p>CERTIFICA\u00c7\u00c3O &#8211;&nbsp;desde que o aluno tenha 70% de presen\u00e7a \u00e0s aulas e entregue atividades propostas e alcance nota m\u00ednima exigida na avalia\u00e7\u00e3o! Voc\u00ea tamb\u00e9m pode fazer sua pr\u00e9-inscri\u00e7\u00e3o neste link TURMAS ABERTAS! CONVERSA\u00c7\u00c3O &#8211; 2\u00aa e 4\u00aa, das 19h \u00e0s 20h30 \u2013 R$ 799,00 B\u00c1SICO &#8211; M\u00d3DULO I &#8211; 3\u00aa e 5\u00aa, das 19h \u00e0s [&hellip;]<\/p>\n","protected":false},"author":1,"featured_media":925,"comment_status":"open","ping_status":"open","sticky":true,"template":"","format":"standard","meta":{"footnotes":""},"categories":[99,134],"tags":[115,114,104,103,161,25,118,112,113,96,102,116,119,117],"class_list":["post-921","post","type-post","status-publish","format-standard","has-post-thumbnail","hentry","category-cultura","category-cursos-hibridos","tag-africa","tag-alcorao","tag-cultura-arabe","tag-curso-de-lingua","tag-curso-livre","tag-curso-rapido","tag-dubai","tag-isla","tag-islamismo","tag-libano","tag-lingua-arabe","tag-muculmano","tag-oriente-medio","tag-religiao"],"_links":{"self":[{"href":"https:\/\/sielbra.com.br\/index.php?rest_route=\/wp\/v2\/posts\/921","targetHints":{"allow":["GET"]}}],"collection":[{"href":"https:\/\/sielbra.com.br\/index.php?rest_route=\/wp\/v2\/posts"}],"about":[{"href":"https:\/\/sielbra.com.br\/index.php?rest_route=\/wp\/v2\/types\/post"}],"author":[{"embeddable":true,"href":"https:\/\/sielbra.com.br\/index.php?rest_route=\/wp\/v2\/users\/1"}],"replies":[{"embeddable":true,"href":"https:\/\/sielbra.com.br\/index.php?rest_route=%2Fwp%2Fv2%2Fcomments&post=921"}],"version-history":[{"count":138,"href":"https:\/\/sielbra.com.br\/index.php?rest_route=\/wp\/v2\/posts\/921\/revisions"}],"predecessor-version":[{"id":2096,"href":"https:\/\/sielbra.com.br\/index.php?rest_route=\/wp\/v2\/posts\/921\/revisions\/2096"}],"wp:featuredmedia":[{"embeddable":true,"href":"https:\/\/sielbra.com.br\/index.php?rest_route=\/wp\/v2\/media\/925"}],"wp:attachment":[{"href":"https:\/\/sielbra.com.br\/index.php?rest_route=%2Fwp%2Fv2%2Fmedia&parent=921"}],"wp:term":[{"taxonomy":"category","embeddable":true,"href":"https:\/\/sielbra.com.br\/index.php?rest_route=%2Fwp%2Fv2%2Fcategories&post=921"},{"taxonomy":"post_tag","embeddable":true,"href":"https:\/\/sielbra.com.br\/index.php?rest_route=%2Fwp%2Fv2%2Ftags&post=921"}],"curies":[{"name":"wp","href":"https:\/\/api.w.org\/{rel}","templated":true}]}}